{"id":663,"date":"2024-08-15T15:02:15","date_gmt":"2024-08-15T13:02:15","guid":{"rendered":"https:\/\/www.hih-albachten.de\/?p=663"},"modified":"2024-08-15T15:02:15","modified_gmt":"2024-08-15T13:02:15","slug":"neues-sofa-fuer-den-kindergarten","status":"publish","type":"post","link":"https:\/\/www.hih-albachten.de\/?p=663","title":{"rendered":"Neues Sofa f\u00fcr den Kindergarten"},"content":{"rendered":"\n<figure class=\"wp-block-gallery has-nested-images columns-default is-cropped wp-block-gallery-1 is-layout-flex wp-block-gallery-is-layout-flex\">\n<figure class=\"wp-block-image size-large\"><img loading=\"lazy\" decoding=\"async\" width=\"1024\" height=\"768\" data-id=\"664\" src=\"https:\/\/www.hih-albachten.de\/wp-content\/uploads\/2024\/08\/Bild-Soga-1-1024x768.jpg\" alt=\"\" class=\"wp-image-664\" srcset=\"https:\/\/www.hih-albachten.de\/wp-content\/uploads\/2024\/08\/Bild-Soga-1-1024x768.jpg 1024w, https:\/\/www.hih-albachten.de\/wp-content\/uploads\/2024\/08\/Bild-Soga-1-300x225.jpg 300w, https:\/\/www.hih-albachten.de\/wp-content\/uploads\/2024\/08\/Bild-Soga-1-768x576.jpg 768w, https:\/\/www.hih-albachten.de\/wp-content\/uploads\/2024\/08\/Bild-Soga-1-1536x1152.jpg 1536w, https:\/\/www.hih-albachten.de\/wp-content\/uploads\/2024\/08\/Bild-Soga-1-2048x1536.jpg 2048w, https:\/\/www.hih-albachten.de\/wp-content\/uploads\/2024\/08\/Bild-Soga-1-120x90.jpg 120w\" sizes=\"auto, (max-width: 1024px) 100vw, 1024px\" \/><\/figure>\n<\/figure>\n\n\n\n<figure class=\"wp-block-gallery has-nested-images columns-default is-cropped wp-block-gallery-2 is-layout-flex wp-block-gallery-is-layout-flex\">\n<figure class=\"wp-block-image size-large\"><img loading=\"lazy\" decoding=\"async\" width=\"1024\" height=\"768\" data-id=\"665\" src=\"https:\/\/www.hih-albachten.de\/wp-content\/uploads\/2024\/08\/Bild-Sofa-2.jpg\" alt=\"\" class=\"wp-image-665\" srcset=\"https:\/\/www.hih-albachten.de\/wp-content\/uploads\/2024\/08\/Bild-Sofa-2.jpg 1024w, https:\/\/www.hih-albachten.de\/wp-content\/uploads\/2024\/08\/Bild-Sofa-2-300x225.jpg 300w, https:\/\/www.hih-albachten.de\/wp-content\/uploads\/2024\/08\/Bild-Sofa-2-768x576.jpg 768w, https:\/\/www.hih-albachten.de\/wp-content\/uploads\/2024\/08\/Bild-Sofa-2-120x90.jpg 120w\" sizes=\"auto, (max-width: 1024px) 100vw, 1024px\" \/><\/figure>\n<\/figure>\n\n\n\n<p>Der st\u00e4dtische Kindergarten brauchte ein neues Sofa. Wir haben Sie gerne dabei unterst\u00fctzt und sind froh dar\u00fcber, dass die Kinder sich dar\u00fcber sehr gefreut haben.<\/p>\n","protected":false},"excerpt":{"rendered":"<p>Der st\u00e4dtische Kindergarten brauchte ein neues Sofa. Wir haben Sie gerne dabei unterst\u00fctzt und sind froh dar\u00fcber, dass die Kinder sich dar\u00fcber sehr gefreut haben.<\/p>\n","protected":false},"author":4,"featured_media":0,"comment_status":"open","ping_status":"open","sticky":false,"template":"","format":"standard","meta":{"footnotes":""},"categories":[1],"tags":[],"class_list":["post-663","post","type-post","status-publish","format-standard","hentry","category-allgemein"],"_links":{"self":[{"href":"https:\/\/www.hih-albachten.de\/index.php?rest_route=\/wp\/v2\/posts\/663","targetHints":{"allow":["GET"]}}],"collection":[{"href":"https:\/\/www.hih-albachten.de\/index.php?rest_route=\/wp\/v2\/posts"}],"about":[{"href":"https:\/\/www.hih-albachten.de\/index.php?rest_route=\/wp\/v2\/types\/post"}],"author":[{"embeddable":true,"href":"https:\/\/www.hih-albachten.de\/index.php?rest_route=\/wp\/v2\/users\/4"}],"replies":[{"embeddable":true,"href":"https:\/\/www.hih-albachten.de\/index.php?rest_route=%2Fwp%2Fv2%2Fcomments&post=663"}],"version-history":[{"count":1,"href":"https:\/\/www.hih-albachten.de\/index.php?rest_route=\/wp\/v2\/posts\/663\/revisions"}],"predecessor-version":[{"id":666,"href":"https:\/\/www.hih-albachten.de\/index.php?rest_route=\/wp\/v2\/posts\/663\/revisions\/666"}],"wp:attachment":[{"href":"https:\/\/www.hih-albachten.de\/index.php?rest_route=%2Fwp%2Fv2%2Fmedia&parent=663"}],"wp:term":[{"taxonomy":"category","embeddable":true,"href":"https:\/\/www.hih-albachten.de\/index.php?rest_route=%2Fwp%2Fv2%2Fcategories&post=663"},{"taxonomy":"post_tag","embeddable":true,"href":"https:\/\/www.hih-albachten.de\/index.php?rest_route=%2Fwp%2Fv2%2Ftags&post=663"}],"curies":[{"name":"wp","href":"https:\/\/api.w.org\/{rel}","templated":true}]}}